{"id":3655,"date":"2019-03-29T10:00:29","date_gmt":"2019-03-29T10:00:29","guid":{"rendered":"http:\/\/nethemba.com\/?p=3655"},"modified":"2019-03-29T10:09:47","modified_gmt":"2019-03-29T10:09:47","slug":"despues-de-los-espanoles-nethemba-conquista-america-latina","status":"publish","type":"post","link":"https:\/\/nethemba.com\/es\/despues-de-los-espanoles-nethemba-conquista-america-latina\/","title":{"rendered":"Despu\u00e9s de la conquista espa\u00f1ola, Nethemba conquista Am\u00e9rica Latina!"},"content":{"rendered":"\n<p>Es un placer para nosotros lanzar <a href=\"https:\/\/nethemba.es\">la versi\u00f3n en espa\u00f1ol del sitio web de nuestra empresa<\/a>. <br>Con nuestra nueva sucursal en Panam\u00e1 (Nethemba SA), nos centraremos en todos los mercados de habla hispana.<\/p>\n\n\n\n<p>Al mismo tiempo, estamos buscando un vendedor. Si usted tiene mucha experiencia en la venta de servicios de TI en Am\u00e9rica Latina (las experiencias en seguridad de TI son especialmente apreciadas), habla y escribe ingl\u00e9s y espa\u00f1ol con fluidez (se prefieren los hablantes nativos de espa\u00f1ol), no dude en contactarnos en <a href=\"mailto:jobs@nethemba.com\">jobs@nethemba.com<\/a>. <\/p>\n\n\n\n<p>Puede encontrar informaci\u00f3n resumida sobre nuestra empresa en <a href=\"https:\/\/slides.com\/nethemba\/nethemba\">nuestra presentaci\u00f3n<\/a>, as\u00ed como m\u00e1s detalles sobre <a href=\"https:\/\/slides.com\/nethemba\/the-most-free-company#\/\">c\u00f3mo trabajamos en Nethemba.<\/a><\/p>\n","protected":false},"excerpt":{"rendered":"<p>Es un placer para nosotros lanzar la versi\u00f3n en espa\u00f1ol del sitio web de nuestra empresa. Con nuestra nueva sucursal en Panam\u00e1 (Nethemba SA), nos centraremos en todos los mercados de habla hispana. Al mismo tiempo, estamos buscando un vendedor. Si usted tiene mucha experiencia en la venta de servicios de TI en Am\u00e9rica Latina [&hellip;]<\/p>\n","protected":false},"author":2,"featured_media":0,"comment_status":"open","ping_status":"open","sticky":false,"template":"","format":"standard","meta":{"inline_featured_image":false,"_monsterinsights_skip_tracking":false,"_monsterinsights_sitenote_active":false,"_monsterinsights_sitenote_note":"","_monsterinsights_sitenote_category":0,"footnotes":""},"categories":[1215],"tags":[],"class_list":["post-3655","post","type-post","status-publish","format-standard","hentry","category-sin-categorizar"],"yoast_head":"<!-- This site is optimized with the Yoast SEO plugin v27.5 - https:\/\/yoast.com\/product\/yoast-seo-wordpress\/ -->\n<title>Despu\u00e9s de la conquista espa\u00f1ola, Nethemba conquista Am\u00e9rica Latina! - Nethemba<\/title>\n<meta name=\"robots\" content=\"index, follow, max-snippet:-1, max-image-preview:large, max-video-preview:-1\" \/>\n<link rel=\"canonical\" href=\"https:\/\/nethemba.com\/es\/despues-de-los-espanoles-nethemba-conquista-america-latina\/\" \/>\n<meta property=\"og:locale\" content=\"es_ES\" \/>\n<meta property=\"og:type\" content=\"article\" \/>\n<meta property=\"og:title\" content=\"Despu\u00e9s de la conquista espa\u00f1ola, Nethemba conquista Am\u00e9rica Latina! - Nethemba\" \/>\n<meta property=\"og:description\" content=\"Es un placer para nosotros lanzar la versi\u00f3n en espa\u00f1ol del sitio web de nuestra empresa. Con nuestra nueva sucursal en Panam\u00e1 (Nethemba SA), nos centraremos en todos los mercados de habla hispana. Al mismo tiempo, estamos buscando un vendedor. Si usted tiene mucha experiencia en la venta de servicios de TI en Am\u00e9rica Latina [&hellip;]\" \/>\n<meta property=\"og:url\" content=\"https:\/\/nethemba.com\/es\/despues-de-los-espanoles-nethemba-conquista-america-latina\/\" \/>\n<meta property=\"og:site_name\" content=\"Nethemba\" \/>\n<meta property=\"article:publisher\" content=\"https:\/\/www.facebook.com\/nethemba\" \/>\n<meta property=\"article:published_time\" content=\"2019-03-29T10:00:29+00:00\" \/>\n<meta property=\"article:modified_time\" content=\"2019-03-29T10:09:47+00:00\" \/>\n<meta name=\"author\" content=\"Pavol Lupt\u00e1k\" \/>\n<meta name=\"twitter:card\" content=\"summary_large_image\" \/>\n<meta name=\"twitter:creator\" content=\"@nethemba\" \/>\n<meta name=\"twitter:site\" content=\"@nethemba\" \/>\n<meta name=\"twitter:label1\" content=\"Escrito por\" \/>\n\t<meta name=\"twitter:data1\" content=\"Pavol Lupt\u00e1k\" \/>\n\t<meta name=\"twitter:label2\" content=\"Tiempo de lectura\" \/>\n\t<meta name=\"twitter:data2\" content=\"1 minuto\" \/>\n<script type=\"application\/ld+json\" class=\"yoast-schema-graph\">{\"@context\":\"https:\\\/\\\/schema.org\",\"@graph\":[{\"@type\":\"Article\",\"@id\":\"https:\\\/\\\/nethemba.com\\\/es\\\/despues-de-los-espanoles-nethemba-conquista-america-latina\\\/#article\",\"isPartOf\":{\"@id\":\"https:\\\/\\\/nethemba.com\\\/es\\\/despues-de-los-espanoles-nethemba-conquista-america-latina\\\/\"},\"author\":{\"name\":\"Pavol Lupt\u00e1k\",\"@id\":\"https:\\\/\\\/nethemba.com\\\/de\\\/#\\\/schema\\\/person\\\/5f4ba68c8e1a2013d30e0804245b8234\"},\"headline\":\"Despu\u00e9s de la conquista espa\u00f1ola, Nethemba conquista Am\u00e9rica Latina!\",\"datePublished\":\"2019-03-29T10:00:29+00:00\",\"dateModified\":\"2019-03-29T10:09:47+00:00\",\"mainEntityOfPage\":{\"@id\":\"https:\\\/\\\/nethemba.com\\\/es\\\/despues-de-los-espanoles-nethemba-conquista-america-latina\\\/\"},\"wordCount\":128,\"commentCount\":0,\"articleSection\":[\"Sin categorizar\"],\"inLanguage\":\"es\",\"potentialAction\":[{\"@type\":\"CommentAction\",\"name\":\"Comment\",\"target\":[\"https:\\\/\\\/nethemba.com\\\/es\\\/despues-de-los-espanoles-nethemba-conquista-america-latina\\\/#respond\"]}]},{\"@type\":\"WebPage\",\"@id\":\"https:\\\/\\\/nethemba.com\\\/es\\\/despues-de-los-espanoles-nethemba-conquista-america-latina\\\/\",\"url\":\"https:\\\/\\\/nethemba.com\\\/es\\\/despues-de-los-espanoles-nethemba-conquista-america-latina\\\/\",\"name\":\"Despu\u00e9s de la conquista espa\u00f1ola, Nethemba conquista Am\u00e9rica Latina! - Nethemba\",\"isPartOf\":{\"@id\":\"https:\\\/\\\/nethemba.com\\\/de\\\/#website\"},\"datePublished\":\"2019-03-29T10:00:29+00:00\",\"dateModified\":\"2019-03-29T10:09:47+00:00\",\"author\":{\"@id\":\"https:\\\/\\\/nethemba.com\\\/de\\\/#\\\/schema\\\/person\\\/5f4ba68c8e1a2013d30e0804245b8234\"},\"breadcrumb\":{\"@id\":\"https:\\\/\\\/nethemba.com\\\/es\\\/despues-de-los-espanoles-nethemba-conquista-america-latina\\\/#breadcrumb\"},\"inLanguage\":\"es\",\"potentialAction\":[{\"@type\":\"ReadAction\",\"target\":[\"https:\\\/\\\/nethemba.com\\\/es\\\/despues-de-los-espanoles-nethemba-conquista-america-latina\\\/\"]}]},{\"@type\":\"BreadcrumbList\",\"@id\":\"https:\\\/\\\/nethemba.com\\\/es\\\/despues-de-los-espanoles-nethemba-conquista-america-latina\\\/#breadcrumb\",\"itemListElement\":[{\"@type\":\"ListItem\",\"position\":1,\"name\":\"Home\",\"item\":\"https:\\\/\\\/nethemba.com\\\/cs\\\/\"},{\"@type\":\"ListItem\",\"position\":2,\"name\":\"Despu\u00e9s de la conquista espa\u00f1ola, Nethemba conquista Am\u00e9rica Latina!\"}]},{\"@type\":\"WebSite\",\"@id\":\"https:\\\/\\\/nethemba.com\\\/de\\\/#website\",\"url\":\"https:\\\/\\\/nethemba.com\\\/de\\\/\",\"name\":\"Nethemba\",\"description\":\"We care about your security\",\"potentialAction\":[{\"@type\":\"SearchAction\",\"target\":{\"@type\":\"EntryPoint\",\"urlTemplate\":\"https:\\\/\\\/nethemba.com\\\/de\\\/?s={search_term_string}\"},\"query-input\":{\"@type\":\"PropertyValueSpecification\",\"valueRequired\":true,\"valueName\":\"search_term_string\"}}],\"inLanguage\":\"es\"},{\"@type\":\"Person\",\"@id\":\"https:\\\/\\\/nethemba.com\\\/de\\\/#\\\/schema\\\/person\\\/5f4ba68c8e1a2013d30e0804245b8234\",\"name\":\"Pavol Lupt\u00e1k\",\"image\":{\"@type\":\"ImageObject\",\"inLanguage\":\"es\",\"@id\":\"https:\\\/\\\/secure.gravatar.com\\\/avatar\\\/978b23022518d076eaa243b375d2e0272af4f00dd502ce79cc357276d9bc2495?s=96&d=mm&r=g\",\"url\":\"https:\\\/\\\/secure.gravatar.com\\\/avatar\\\/978b23022518d076eaa243b375d2e0272af4f00dd502ce79cc357276d9bc2495?s=96&d=mm&r=g\",\"contentUrl\":\"https:\\\/\\\/secure.gravatar.com\\\/avatar\\\/978b23022518d076eaa243b375d2e0272af4f00dd502ce79cc357276d9bc2495?s=96&d=mm&r=g\",\"caption\":\"Pavol Lupt\u00e1k\"},\"sameAs\":[\"https:\\\/\\\/www.nethemba.com\\\/\"],\"url\":\"https:\\\/\\\/nethemba.com\\\/es\\\/author\\\/nethemba-admin\\\/\"}]}<\/script>\n<!-- \/ Yoast SEO plugin. -->","yoast_head_json":{"title":"Despu\u00e9s de la conquista espa\u00f1ola, Nethemba conquista Am\u00e9rica Latina! - Nethemba","robots":{"index":"index","follow":"follow","max-snippet":"max-snippet:-1","max-image-preview":"max-image-preview:large","max-video-preview":"max-video-preview:-1"},"canonical":"https:\/\/nethemba.com\/es\/despues-de-los-espanoles-nethemba-conquista-america-latina\/","og_locale":"es_ES","og_type":"article","og_title":"Despu\u00e9s de la conquista espa\u00f1ola, Nethemba conquista Am\u00e9rica Latina! - Nethemba","og_description":"Es un placer para nosotros lanzar la versi\u00f3n en espa\u00f1ol del sitio web de nuestra empresa. Con nuestra nueva sucursal en Panam\u00e1 (Nethemba SA), nos centraremos en todos los mercados de habla hispana. Al mismo tiempo, estamos buscando un vendedor. Si usted tiene mucha experiencia en la venta de servicios de TI en Am\u00e9rica Latina [&hellip;]","og_url":"https:\/\/nethemba.com\/es\/despues-de-los-espanoles-nethemba-conquista-america-latina\/","og_site_name":"Nethemba","article_publisher":"https:\/\/www.facebook.com\/nethemba","article_published_time":"2019-03-29T10:00:29+00:00","article_modified_time":"2019-03-29T10:09:47+00:00","author":"Pavol Lupt\u00e1k","twitter_card":"summary_large_image","twitter_creator":"@nethemba","twitter_site":"@nethemba","twitter_misc":{"Escrito por":"Pavol Lupt\u00e1k","Tiempo de lectura":"1 minuto"},"schema":{"@context":"https:\/\/schema.org","@graph":[{"@type":"Article","@id":"https:\/\/nethemba.com\/es\/despues-de-los-espanoles-nethemba-conquista-america-latina\/#article","isPartOf":{"@id":"https:\/\/nethemba.com\/es\/despues-de-los-espanoles-nethemba-conquista-america-latina\/"},"author":{"name":"Pavol Lupt\u00e1k","@id":"https:\/\/nethemba.com\/de\/#\/schema\/person\/5f4ba68c8e1a2013d30e0804245b8234"},"headline":"Despu\u00e9s de la conquista espa\u00f1ola, Nethemba conquista Am\u00e9rica Latina!","datePublished":"2019-03-29T10:00:29+00:00","dateModified":"2019-03-29T10:09:47+00:00","mainEntityOfPage":{"@id":"https:\/\/nethemba.com\/es\/despues-de-los-espanoles-nethemba-conquista-america-latina\/"},"wordCount":128,"commentCount":0,"articleSection":["Sin categorizar"],"inLanguage":"es","potentialAction":[{"@type":"CommentAction","name":"Comment","target":["https:\/\/nethemba.com\/es\/despues-de-los-espanoles-nethemba-conquista-america-latina\/#respond"]}]},{"@type":"WebPage","@id":"https:\/\/nethemba.com\/es\/despues-de-los-espanoles-nethemba-conquista-america-latina\/","url":"https:\/\/nethemba.com\/es\/despues-de-los-espanoles-nethemba-conquista-america-latina\/","name":"Despu\u00e9s de la conquista espa\u00f1ola, Nethemba conquista Am\u00e9rica Latina! - Nethemba","isPartOf":{"@id":"https:\/\/nethemba.com\/de\/#website"},"datePublished":"2019-03-29T10:00:29+00:00","dateModified":"2019-03-29T10:09:47+00:00","author":{"@id":"https:\/\/nethemba.com\/de\/#\/schema\/person\/5f4ba68c8e1a2013d30e0804245b8234"},"breadcrumb":{"@id":"https:\/\/nethemba.com\/es\/despues-de-los-espanoles-nethemba-conquista-america-latina\/#breadcrumb"},"inLanguage":"es","potentialAction":[{"@type":"ReadAction","target":["https:\/\/nethemba.com\/es\/despues-de-los-espanoles-nethemba-conquista-america-latina\/"]}]},{"@type":"BreadcrumbList","@id":"https:\/\/nethemba.com\/es\/despues-de-los-espanoles-nethemba-conquista-america-latina\/#breadcrumb","itemListElement":[{"@type":"ListItem","position":1,"name":"Home","item":"https:\/\/nethemba.com\/cs\/"},{"@type":"ListItem","position":2,"name":"Despu\u00e9s de la conquista espa\u00f1ola, Nethemba conquista Am\u00e9rica Latina!"}]},{"@type":"WebSite","@id":"https:\/\/nethemba.com\/de\/#website","url":"https:\/\/nethemba.com\/de\/","name":"Nethemba","description":"We care about your security","potentialAction":[{"@type":"SearchAction","target":{"@type":"EntryPoint","urlTemplate":"https:\/\/nethemba.com\/de\/?s={search_term_string}"},"query-input":{"@type":"PropertyValueSpecification","valueRequired":true,"valueName":"search_term_string"}}],"inLanguage":"es"},{"@type":"Person","@id":"https:\/\/nethemba.com\/de\/#\/schema\/person\/5f4ba68c8e1a2013d30e0804245b8234","name":"Pavol Lupt\u00e1k","image":{"@type":"ImageObject","inLanguage":"es","@id":"https:\/\/secure.gravatar.com\/avatar\/978b23022518d076eaa243b375d2e0272af4f00dd502ce79cc357276d9bc2495?s=96&d=mm&r=g","url":"https:\/\/secure.gravatar.com\/avatar\/978b23022518d076eaa243b375d2e0272af4f00dd502ce79cc357276d9bc2495?s=96&d=mm&r=g","contentUrl":"https:\/\/secure.gravatar.com\/avatar\/978b23022518d076eaa243b375d2e0272af4f00dd502ce79cc357276d9bc2495?s=96&d=mm&r=g","caption":"Pavol Lupt\u00e1k"},"sameAs":["https:\/\/www.nethemba.com\/"],"url":"https:\/\/nethemba.com\/es\/author\/nethemba-admin\/"}]}},"_links":{"self":[{"href":"https:\/\/nethemba.com\/es\/wp-json\/wp\/v2\/posts\/3655","targetHints":{"allow":["GET"]}}],"collection":[{"href":"https:\/\/nethemba.com\/es\/wp-json\/wp\/v2\/posts"}],"about":[{"href":"https:\/\/nethemba.com\/es\/wp-json\/wp\/v2\/types\/post"}],"author":[{"embeddable":true,"href":"https:\/\/nethemba.com\/es\/wp-json\/wp\/v2\/users\/2"}],"replies":[{"embeddable":true,"href":"https:\/\/nethemba.com\/es\/wp-json\/wp\/v2\/comments?post=3655"}],"version-history":[{"count":0,"href":"https:\/\/nethemba.com\/es\/wp-json\/wp\/v2\/posts\/3655\/revisions"}],"wp:attachment":[{"href":"https:\/\/nethemba.com\/es\/wp-json\/wp\/v2\/media?parent=3655"}],"wp:term":[{"taxonomy":"category","embeddable":true,"href":"https:\/\/nethemba.com\/es\/wp-json\/wp\/v2\/categories?post=3655"},{"taxonomy":"post_tag","embeddable":true,"href":"https:\/\/nethemba.com\/es\/wp-json\/wp\/v2\/tags?post=3655"}],"curies":[{"name":"wp","href":"https:\/\/api.w.org\/{rel}","templated":true}]}}